{"id":1876,"date":"2019-02-26T10:33:47","date_gmt":"2019-02-26T09:33:47","guid":{"rendered":"http:\/\/www.escalade-romilly.fr\/?p=1876"},"modified":"2022-01-15T11:10:24","modified_gmt":"2022-01-15T10:10:24","slug":"sortie-de-vertus-021019","status":"publish","type":"post","link":"https:\/\/www.escalade-romilly.fr\/?p=1876","title":{"rendered":"sortie de vertus 02\/1019"},"content":{"rendered":"<p><a href=\"https:\/\/www.escalade-romilly.fr\/wp-content\/uploads\/2019\/02\/courageux-de-vertus.jpg\"><img decoding=\"async\" loading=\"lazy\" class=\"alignright size-medium wp-image-1875\" src=\"https:\/\/www.escalade-romilly.fr\/wp-content\/uploads\/2019\/02\/courageux-de-vertus-300x225.jpg\" alt=\"courageux de vertus\" width=\"300\" height=\"225\" srcset=\"https:\/\/www.escalade-romilly.fr\/wp-content\/uploads\/2019\/02\/courageux-de-vertus-300x225.jpg 300w, https:\/\/www.escalade-romilly.fr\/wp-content\/uploads\/2019\/02\/courageux-de-vertus-768x575.jpg 768w, https:\/\/www.escalade-romilly.fr\/wp-content\/uploads\/2019\/02\/courageux-de-vertus.jpg 800w\" sizes=\"(max-width: 300px) 100vw, 300px\" \/><\/a>tr\u00e8s belle journ\u00e9e pour la premi\u00e8re sortie de la saison en falaise\u00a0 a VERTUS\u00a0\u00a0 a quand la prochaine ?, tr\u00e8s vite j &lsquo;esp\u00e8re<\/p>\n<p>merci au photographe .<\/p>\n<p>&nbsp;<\/p>\n","protected":false},"excerpt":{"rendered":"<p>tr\u00e8s belle journ\u00e9e pour la premi\u00e8re sortie de la saison en falaise\u00a0 a VERTUS\u00a0\u00a0 a quand la prochaine ?, tr\u00e8s vite j &lsquo;esp\u00e8re merci au photographe . &nbsp;<\/p>\n","protected":false},"author":3,"featured_media":0,"comment_status":"closed","ping_status":"closed","sticky":false,"template":"","format":"standard","meta":{"footnotes":""},"categories":[6],"tags":[],"_links":{"self":[{"href":"https:\/\/www.escalade-romilly.fr\/index.php?rest_route=\/wp\/v2\/posts\/1876"}],"collection":[{"href":"https:\/\/www.escalade-romilly.fr\/index.php?rest_route=\/wp\/v2\/posts"}],"about":[{"href":"https:\/\/www.escalade-romilly.fr\/index.php?rest_route=\/wp\/v2\/types\/post"}],"author":[{"embeddable":true,"href":"https:\/\/www.escalade-romilly.fr\/index.php?rest_route=\/wp\/v2\/users\/3"}],"replies":[{"embeddable":true,"href":"https:\/\/www.escalade-romilly.fr\/index.php?rest_route=%2Fwp%2Fv2%2Fcomments&post=1876"}],"version-history":[{"count":1,"href":"https:\/\/www.escalade-romilly.fr\/index.php?rest_route=\/wp\/v2\/posts\/1876\/revisions"}],"predecessor-version":[{"id":1877,"href":"https:\/\/www.escalade-romilly.fr\/index.php?rest_route=\/wp\/v2\/posts\/1876\/revisions\/1877"}],"wp:attachment":[{"href":"https:\/\/www.escalade-romilly.fr\/index.php?rest_route=%2Fwp%2Fv2%2Fmedia&parent=1876"}],"wp:term":[{"taxonomy":"category","embeddable":true,"href":"https:\/\/www.escalade-romilly.fr\/index.php?rest_route=%2Fwp%2Fv2%2Fcategories&post=1876"},{"taxonomy":"post_tag","embeddable":true,"href":"https:\/\/www.escalade-romilly.fr\/index.php?rest_route=%2Fwp%2Fv2%2Ftags&post=1876"}],"curies":[{"name":"wp","href":"https:\/\/api.w.org\/{rel}","templated":true}]}}