{"id":1797,"date":"2017-07-02T19:36:08","date_gmt":"2017-07-02T17:36:08","guid":{"rendered":"http:\/\/www.escalade-romilly.fr\/?p=1797"},"modified":"2023-08-28T18:22:19","modified_gmt":"2023-08-28T16:22:19","slug":"lavage-des-prises","status":"publish","type":"post","link":"https:\/\/www.escalade-romilly.fr\/?p=1797","title":{"rendered":"lavage des prises"},"content":{"rendered":"<p>ce samedi 1 e r juillet quelques grimpeurs on brav\u00e9 la pluie pour faire le lavage des prises apr\u00e8s que vendredi certain les avaient d\u00e9mont\u00e9 \u00a0un grand merci a tous maintenant reste a remonter tous sur le mur pour la plaisir de tous la saison prochaine.<\/p>\n<p>FRANCIS<a href=\"https:\/\/www.escalade-romilly.fr\/wp-content\/uploads\/2017\/07\/SAM_7318-modifier.jpg\"><img decoding=\"async\" loading=\"lazy\" class=\"alignright size-full wp-image-1798\" src=\"https:\/\/www.escalade-romilly.fr\/wp-content\/uploads\/2017\/07\/SAM_7318-modifier.jpg\" alt=\"SAM_7318 modifier\" width=\"800\" height=\"600\" srcset=\"https:\/\/www.escalade-romilly.fr\/wp-content\/uploads\/2017\/07\/SAM_7318-modifier.jpg 800w, https:\/\/www.escalade-romilly.fr\/wp-content\/uploads\/2017\/07\/SAM_7318-modifier-300x225.jpg 300w, https:\/\/www.escalade-romilly.fr\/wp-content\/uploads\/2017\/07\/SAM_7318-modifier-768x576.jpg 768w\" sizes=\"(max-width: 800px) 100vw, 800px\" \/><\/a> <a href=\"https:\/\/www.escalade-romilly.fr\/wp-content\/uploads\/2017\/07\/SAM_7320-modifier.jpg\"><img decoding=\"async\" loading=\"lazy\" class=\"alignright size-full wp-image-1799\" src=\"https:\/\/www.escalade-romilly.fr\/wp-content\/uploads\/2017\/07\/SAM_7320-modifier.jpg\" alt=\"SAM_7320 modifier\" width=\"800\" height=\"600\" srcset=\"https:\/\/www.escalade-romilly.fr\/wp-content\/uploads\/2017\/07\/SAM_7320-modifier.jpg 800w, https:\/\/www.escalade-romilly.fr\/wp-content\/uploads\/2017\/07\/SAM_7320-modifier-300x225.jpg 300w, https:\/\/www.escalade-romilly.fr\/wp-content\/uploads\/2017\/07\/SAM_7320-modifier-768x576.jpg 768w\" sizes=\"(max-width: 800px) 100vw, 800px\" \/><\/a><\/p>\n","protected":false},"excerpt":{"rendered":"<p>ce samedi 1 e r juillet quelques grimpeurs on brav\u00e9 la pluie pour faire le lavage des prises apr\u00e8s que vendredi certain les avaient d\u00e9mont\u00e9 \u00a0un grand merci a tous maintenant reste a remonter tous sur le mur pour la &hellip; <a class=\"more-link\" href=\"https:\/\/www.escalade-romilly.fr\/?p=1797\">Continue reading <span class=\"meta-nav\">&rarr;<\/span><\/a><\/p>\n","protected":false},"author":3,"featured_media":0,"comment_status":"closed","ping_status":"closed","sticky":false,"template":"","format":"standard","meta":{"footnotes":""},"categories":[8,9],"tags":[],"_links":{"self":[{"href":"https:\/\/www.escalade-romilly.fr\/index.php?rest_route=\/wp\/v2\/posts\/1797"}],"collection":[{"href":"https:\/\/www.escalade-romilly.fr\/index.php?rest_route=\/wp\/v2\/posts"}],"about":[{"href":"https:\/\/www.escalade-romilly.fr\/index.php?rest_route=\/wp\/v2\/types\/post"}],"author":[{"embeddable":true,"href":"https:\/\/www.escalade-romilly.fr\/index.php?rest_route=\/wp\/v2\/users\/3"}],"replies":[{"embeddable":true,"href":"https:\/\/www.escalade-romilly.fr\/index.php?rest_route=%2Fwp%2Fv2%2Fcomments&post=1797"}],"version-history":[{"count":1,"href":"https:\/\/www.escalade-romilly.fr\/index.php?rest_route=\/wp\/v2\/posts\/1797\/revisions"}],"predecessor-version":[{"id":1800,"href":"https:\/\/www.escalade-romilly.fr\/index.php?rest_route=\/wp\/v2\/posts\/1797\/revisions\/1800"}],"wp:attachment":[{"href":"https:\/\/www.escalade-romilly.fr\/index.php?rest_route=%2Fwp%2Fv2%2Fmedia&parent=1797"}],"wp:term":[{"taxonomy":"category","embeddable":true,"href":"https:\/\/www.escalade-romilly.fr\/index.php?rest_route=%2Fwp%2Fv2%2Fcategories&post=1797"},{"taxonomy":"post_tag","embeddable":true,"href":"https:\/\/www.escalade-romilly.fr\/index.php?rest_route=%2Fwp%2Fv2%2Ftags&post=1797"}],"curies":[{"name":"wp","href":"https:\/\/api.w.org\/{rel}","templated":true}]}}