{"id":1752,"date":"2017-01-15T11:23:57","date_gmt":"2017-01-15T10:23:57","guid":{"rendered":"http:\/\/www.escalade-romilly.fr\/?p=1752"},"modified":"2017-01-15T11:23:57","modified_gmt":"2017-01-15T10:23:57","slug":"galette-des-rois-2017","status":"publish","type":"post","link":"https:\/\/www.escalade-romilly.fr\/?p=1752","title":{"rendered":"Galette des rois 2017"},"content":{"rendered":"<p>Apr\u00e8s l&rsquo;effort, le r\u00e9confort, ce vendredi 13 janvier.<\/p>\n<p><img decoding=\"async\" loading=\"lazy\" class=\"alignleft size-full wp-image-1750\" src=\"https:\/\/www.escalade-romilly.fr\/wp-content\/uploads\/2017\/01\/SAM_7248.jpg\" alt=\"SAM_7248\" width=\"800\" height=\"600\" srcset=\"https:\/\/www.escalade-romilly.fr\/wp-content\/uploads\/2017\/01\/SAM_7248.jpg 800w, https:\/\/www.escalade-romilly.fr\/wp-content\/uploads\/2017\/01\/SAM_7248-300x225.jpg 300w, https:\/\/www.escalade-romilly.fr\/wp-content\/uploads\/2017\/01\/SAM_7248-768x576.jpg 768w\" sizes=\"(max-width: 800px) 100vw, 800px\" \/> <img decoding=\"async\" loading=\"lazy\" class=\"alignleft size-full wp-image-1749\" src=\"https:\/\/www.escalade-romilly.fr\/wp-content\/uploads\/2017\/01\/SAM_7249.jpg\" alt=\"SAM_7249\" width=\"800\" height=\"600\" srcset=\"https:\/\/www.escalade-romilly.fr\/wp-content\/uploads\/2017\/01\/SAM_7249.jpg 800w, https:\/\/www.escalade-romilly.fr\/wp-content\/uploads\/2017\/01\/SAM_7249-300x225.jpg 300w, https:\/\/www.escalade-romilly.fr\/wp-content\/uploads\/2017\/01\/SAM_7249-768x576.jpg 768w\" sizes=\"(max-width: 800px) 100vw, 800px\" \/><\/p>\n<p>Rappelons que nous sommes invit\u00e9s par l&rsquo;ANA \u00e0 Troyes dimanche 29 janvier. Le mur des S\u00e9nardes a \u00e9t\u00e9 remis \u00e0 neuf et de nouvelles voies nous attendent. Il est encore temps de s&rsquo;inscrire aupr\u00e8s de Francis.<\/p>\n<p>&nbsp;<\/p>\n<p>&nbsp;<\/p>\n","protected":false},"excerpt":{"rendered":"<p>Apr\u00e8s l&rsquo;effort, le r\u00e9confort, ce vendredi 13 janvier. Rappelons que nous sommes invit\u00e9s par l&rsquo;ANA \u00e0 Troyes dimanche 29 janvier. Le mur des S\u00e9nardes a \u00e9t\u00e9 remis \u00e0 neuf et de nouvelles voies nous attendent. Il est encore temps de &hellip; <a class=\"more-link\" href=\"https:\/\/www.escalade-romilly.fr\/?p=1752\">Continue reading <span class=\"meta-nav\">&rarr;<\/span><\/a><\/p>\n","protected":false},"author":4,"featured_media":0,"comment_status":"closed","ping_status":"closed","sticky":false,"template":"","format":"standard","meta":{"footnotes":""},"categories":[1],"tags":[],"_links":{"self":[{"href":"https:\/\/www.escalade-romilly.fr\/index.php?rest_route=\/wp\/v2\/posts\/1752"}],"collection":[{"href":"https:\/\/www.escalade-romilly.fr\/index.php?rest_route=\/wp\/v2\/posts"}],"about":[{"href":"https:\/\/www.escalade-romilly.fr\/index.php?rest_route=\/wp\/v2\/types\/post"}],"author":[{"embeddable":true,"href":"https:\/\/www.escalade-romilly.fr\/index.php?rest_route=\/wp\/v2\/users\/4"}],"replies":[{"embeddable":true,"href":"https:\/\/www.escalade-romilly.fr\/index.php?rest_route=%2Fwp%2Fv2%2Fcomments&post=1752"}],"version-history":[{"count":1,"href":"https:\/\/www.escalade-romilly.fr\/index.php?rest_route=\/wp\/v2\/posts\/1752\/revisions"}],"predecessor-version":[{"id":1753,"href":"https:\/\/www.escalade-romilly.fr\/index.php?rest_route=\/wp\/v2\/posts\/1752\/revisions\/1753"}],"wp:attachment":[{"href":"https:\/\/www.escalade-romilly.fr\/index.php?rest_route=%2Fwp%2Fv2%2Fmedia&parent=1752"}],"wp:term":[{"taxonomy":"category","embeddable":true,"href":"https:\/\/www.escalade-romilly.fr\/index.php?rest_route=%2Fwp%2Fv2%2Fcategories&post=1752"},{"taxonomy":"post_tag","embeddable":true,"href":"https:\/\/www.escalade-romilly.fr\/index.php?rest_route=%2Fwp%2Fv2%2Ftags&post=1752"}],"curies":[{"name":"wp","href":"https:\/\/api.w.org\/{rel}","templated":true}]}}