{"id":1735,"date":"2016-08-04T09:47:05","date_gmt":"2016-08-04T07:47:05","guid":{"rendered":"http:\/\/www.escalade-romilly.fr\/?p=1735"},"modified":"2016-08-04T10:11:10","modified_gmt":"2016-08-04T08:11:10","slug":"le-mur-fait-peau-neuve","status":"publish","type":"post","link":"https:\/\/www.escalade-romilly.fr\/?p=1735","title":{"rendered":"Le mur fait peau neuve"},"content":{"rendered":"<p>&nbsp;<\/p>\n<p style=\"text-align: justify;\">Le mois de juillet a \u00e9t\u00e9 mis \u00e0 profit pour refaire la totalit\u00e9 des voies du mur d&rsquo;escalade. Il a donc fallu d\u00e9monter l&rsquo;ensemble des prises, les laver et cr\u00e9er de nouvelles voies. Merci \u00e0 tous ceux qui ont particip\u00e9 \u00e0 ce travail, dans la bonne humeur mais dans des conditions parfois difficiles certains soirs o\u00f9 la chaleur \u00e9tait \u00e9touffante dans le COSEC. Le r\u00e9sultat est plaisant comme le montrent les photos ci-dessous. Mais il faut attendre la rentr\u00e9e pour essayer ces belles voies.<\/p>\n<p>Rappelons les dates de la rentr\u00e9e :<\/p>\n<table>\n<tbody>\n<tr>\n<td>\u00a0\u00a0\u00a0\u00a0 &#8211; samedi 10 septembre, 14h \u00e0 17h, f\u00eate du sport<\/td>\n<\/tr>\n<tr>\n<td>\u00a0\u00a0\u00a0\u00a0 &#8211; lundi 12 septembre, rentr\u00e9e des adultes<\/td>\n<\/tr>\n<tr>\n<td>\u00a0\u00a0\u00a0\u00a0 &#8211; mercredi 14 septembre, rentr\u00e9e des enfants<\/td>\n<\/tr>\n<tr>\n<td>\u00a0\u00a0\u00a0\u00a0 &#8211; vendredi 16 septembre, rentr\u00e9e des ados<\/td>\n<\/tr>\n<\/tbody>\n<\/table>\n<p>A bient\u00f4t.<\/p>\n<p><img decoding=\"async\" loading=\"lazy\" class=\"alignleft size-full wp-image-1732\" src=\"https:\/\/www.escalade-romilly.fr\/wp-content\/uploads\/2016\/08\/SAM_7212-e1470298107358.jpg\" alt=\"SAM_7212\" width=\"200\" height=\"356\" \/><img decoding=\"async\" loading=\"lazy\" class=\"alignleft size-full wp-image-1731\" src=\"https:\/\/www.escalade-romilly.fr\/wp-content\/uploads\/2016\/08\/SAM_7211-e1470298138679.jpg\" alt=\"SAM_7211\" width=\"200\" height=\"356\" \/><\/p>\n<p>&nbsp;<\/p>\n<p><img decoding=\"async\" loading=\"lazy\" class=\"alignleft size-full wp-image-1733\" src=\"https:\/\/www.escalade-romilly.fr\/wp-content\/uploads\/2016\/08\/SAM_7213-e1470298000349.jpg\" alt=\"SAM_7213\" width=\"200\" height=\"356\" \/><\/p>\n","protected":false},"excerpt":{"rendered":"<p>&nbsp; Le mois de juillet a \u00e9t\u00e9 mis \u00e0 profit pour refaire la totalit\u00e9 des voies du mur d&rsquo;escalade. Il a donc fallu d\u00e9monter l&rsquo;ensemble des prises, les laver et cr\u00e9er de nouvelles voies. Merci \u00e0 tous ceux qui ont &hellip; <a class=\"more-link\" href=\"https:\/\/www.escalade-romilly.fr\/?p=1735\">Continue reading <span class=\"meta-nav\">&rarr;<\/span><\/a><\/p>\n","protected":false},"author":4,"featured_media":0,"comment_status":"closed","ping_status":"closed","sticky":false,"template":"","format":"standard","meta":{"footnotes":""},"categories":[1],"tags":[],"_links":{"self":[{"href":"https:\/\/www.escalade-romilly.fr\/index.php?rest_route=\/wp\/v2\/posts\/1735"}],"collection":[{"href":"https:\/\/www.escalade-romilly.fr\/index.php?rest_route=\/wp\/v2\/posts"}],"about":[{"href":"https:\/\/www.escalade-romilly.fr\/index.php?rest_route=\/wp\/v2\/types\/post"}],"author":[{"embeddable":true,"href":"https:\/\/www.escalade-romilly.fr\/index.php?rest_route=\/wp\/v2\/users\/4"}],"replies":[{"embeddable":true,"href":"https:\/\/www.escalade-romilly.fr\/index.php?rest_route=%2Fwp%2Fv2%2Fcomments&post=1735"}],"version-history":[{"count":12,"href":"https:\/\/www.escalade-romilly.fr\/index.php?rest_route=\/wp\/v2\/posts\/1735\/revisions"}],"predecessor-version":[{"id":1747,"href":"https:\/\/www.escalade-romilly.fr\/index.php?rest_route=\/wp\/v2\/posts\/1735\/revisions\/1747"}],"wp:attachment":[{"href":"https:\/\/www.escalade-romilly.fr\/index.php?rest_route=%2Fwp%2Fv2%2Fmedia&parent=1735"}],"wp:term":[{"taxonomy":"category","embeddable":true,"href":"https:\/\/www.escalade-romilly.fr\/index.php?rest_route=%2Fwp%2Fv2%2Fcategories&post=1735"},{"taxonomy":"post_tag","embeddable":true,"href":"https:\/\/www.escalade-romilly.fr\/index.php?rest_route=%2Fwp%2Fv2%2Ftags&post=1735"}],"curies":[{"name":"wp","href":"https:\/\/api.w.org\/{rel}","templated":true}]}}