{"id":1728,"date":"2016-07-14T11:27:05","date_gmt":"2016-07-14T09:27:05","guid":{"rendered":"http:\/\/www.escalade-romilly.fr\/?p=1728"},"modified":"2016-07-14T11:27:05","modified_gmt":"2016-07-14T09:27:05","slug":"saison-2016-2017","status":"publish","type":"post","link":"https:\/\/www.escalade-romilly.fr\/?p=1728","title":{"rendered":"Saison 2016-2017"},"content":{"rendered":"<p>Les informations pour la prochaine saison sont d\u00e8s maintenant sur le site dans les pages <i>Inscription<\/i> et <i>Cr\u00e9neaux horaires<\/i> (accessibles \u00e0 partir de l&rsquo;onglet <i>Infos pratiques<\/i>).<\/p>\n<p>Les inscriptions se feront d\u00e8s le samedi 10 septembre, entre 14h et 17h pendant la f\u00eate du sport, sur le stand escalade au stade municipal Bardin-Gousserey de Romilly.<\/p>\n<p><b>Le nombre de place dans les groupes enfants et ados \u00e9tant limit\u00e9, les jeunes inscrits en 2015-2016 d\u00e9sirant poursuivre l&rsquo;escalade durant la saison prochaine, devraient faire conna\u00eetre leur intention \u00e0 Francis Oudin (<a href=\"mailto:oudinfr@wanadoo.fr\">oudinfr@wanadoo.fr<\/a>) avant le 10 septembre.<\/b><\/p>\n","protected":false},"excerpt":{"rendered":"<p>Les informations pour la prochaine saison sont d\u00e8s maintenant sur le site dans les pages Inscription et Cr\u00e9neaux horaires (accessibles \u00e0 partir de l&rsquo;onglet Infos pratiques). Les inscriptions se feront d\u00e8s le samedi 10 septembre, entre 14h et 17h pendant &hellip; <a class=\"more-link\" href=\"https:\/\/www.escalade-romilly.fr\/?p=1728\">Continue reading <span class=\"meta-nav\">&rarr;<\/span><\/a><\/p>\n","protected":false},"author":4,"featured_media":0,"comment_status":"closed","ping_status":"closed","sticky":false,"template":"","format":"standard","meta":{"footnotes":""},"categories":[1],"tags":[],"_links":{"self":[{"href":"https:\/\/www.escalade-romilly.fr\/index.php?rest_route=\/wp\/v2\/posts\/1728"}],"collection":[{"href":"https:\/\/www.escalade-romilly.fr\/index.php?rest_route=\/wp\/v2\/posts"}],"about":[{"href":"https:\/\/www.escalade-romilly.fr\/index.php?rest_route=\/wp\/v2\/types\/post"}],"author":[{"embeddable":true,"href":"https:\/\/www.escalade-romilly.fr\/index.php?rest_route=\/wp\/v2\/users\/4"}],"replies":[{"embeddable":true,"href":"https:\/\/www.escalade-romilly.fr\/index.php?rest_route=%2Fwp%2Fv2%2Fcomments&post=1728"}],"version-history":[{"count":1,"href":"https:\/\/www.escalade-romilly.fr\/index.php?rest_route=\/wp\/v2\/posts\/1728\/revisions"}],"predecessor-version":[{"id":1729,"href":"https:\/\/www.escalade-romilly.fr\/index.php?rest_route=\/wp\/v2\/posts\/1728\/revisions\/1729"}],"wp:attachment":[{"href":"https:\/\/www.escalade-romilly.fr\/index.php?rest_route=%2Fwp%2Fv2%2Fmedia&parent=1728"}],"wp:term":[{"taxonomy":"category","embeddable":true,"href":"https:\/\/www.escalade-romilly.fr\/index.php?rest_route=%2Fwp%2Fv2%2Fcategories&post=1728"},{"taxonomy":"post_tag","embeddable":true,"href":"https:\/\/www.escalade-romilly.fr\/index.php?rest_route=%2Fwp%2Fv2%2Ftags&post=1728"}],"curies":[{"name":"wp","href":"https:\/\/api.w.org\/{rel}","templated":true}]}}