{"id":1419,"date":"2014-09-16T21:15:01","date_gmt":"2014-09-16T19:15:01","guid":{"rendered":"http:\/\/www.escalade-romilly.fr\/?p=1419"},"modified":"2014-09-16T22:13:04","modified_gmt":"2014-09-16T20:13:04","slug":"sortie-en-bourgogne-septembre-2014","status":"publish","type":"post","link":"https:\/\/www.escalade-romilly.fr\/?p=1419","title":{"rendered":"Sortie en Bourgogne &#8211; septembre 2014"},"content":{"rendered":"<p style=\"text-align: justify;\"><a href=\"https:\/\/www.escalade-romilly.fr\/wp-content\/uploads\/2014\/09\/Vieux-Chateau-1.jpg\"><img decoding=\"async\" loading=\"lazy\" class=\"alignleft size-medium wp-image-1427\" alt=\"Vieux Chateau (1)\" src=\"https:\/\/www.escalade-romilly.fr\/wp-content\/uploads\/2014\/09\/Vieux-Chateau-1-225x300.jpg\" width=\"225\" height=\"300\" srcset=\"https:\/\/www.escalade-romilly.fr\/wp-content\/uploads\/2014\/09\/Vieux-Chateau-1-225x300.jpg 225w, https:\/\/www.escalade-romilly.fr\/wp-content\/uploads\/2014\/09\/Vieux-Chateau-1.jpg 600w\" sizes=\"(max-width: 225px) 100vw, 225px\" \/><\/a>La 1\u00e8re sortie en falaise de la saison a eu lieu du 12 au 14 septembre. Partis vendredi matin, 1er arr\u00eat au site de Montbard, o\u00f9 nous avons fait quelques voies dans l&rsquo;apr\u00e8s-midi. Arriv\u00e9e vers 18 heures au camping de Saulieu. Le lendemain, d\u00e9couverte du site de G\u00e9ligny, proche de Saffres et de Hauteroche. M\u00eame type de roche, calcaire dur, m\u00eame type d&rsquo;escalade. Site tr\u00e8s agr\u00e9able, o\u00f9 nous sommes bien d\u00e9cid\u00e9s \u00e0 revenir. Dimanche matin, apr\u00e8s avoir quitt\u00e9 Saulieu, nous retrouvons le site granitique de Vieux Ch\u00e2teau, que nous appr\u00e9cions beaucoup. Mais ce jour nous n&rsquo;y sommes pas seuls (euph\u00e9misme) et il faut chercher des vois disponibles ! Malgr\u00e9 tout, encore une belle journ\u00e9e d&rsquo;escalade dans un cadre superbe. Un seul regret, l&rsquo;absence du 4\u00e8me mousquetaire, Christophe, qui vient de se blesser.<\/p>\n<p style=\"text-align: justify;\">Marc, Francis et Jean-Marie<\/p>\n<p style=\"text-align: justify;\">Quelques photos sont \u00e0 voir dans la galerie.<\/p>\n","protected":false},"excerpt":{"rendered":"<p>La 1\u00e8re sortie en falaise de la saison a eu lieu du 12 au 14 septembre. Partis vendredi matin, 1er arr\u00eat au site de Montbard, o\u00f9 nous avons fait quelques voies dans l&rsquo;apr\u00e8s-midi. Arriv\u00e9e vers 18 heures au camping de &hellip; <a class=\"more-link\" href=\"https:\/\/www.escalade-romilly.fr\/?p=1419\">Continue reading <span class=\"meta-nav\">&rarr;<\/span><\/a><\/p>\n","protected":false},"author":4,"featured_media":0,"comment_status":"closed","ping_status":"closed","sticky":false,"template":"","format":"standard","meta":{"footnotes":""},"categories":[1],"tags":[],"_links":{"self":[{"href":"https:\/\/www.escalade-romilly.fr\/index.php?rest_route=\/wp\/v2\/posts\/1419"}],"collection":[{"href":"https:\/\/www.escalade-romilly.fr\/index.php?rest_route=\/wp\/v2\/posts"}],"about":[{"href":"https:\/\/www.escalade-romilly.fr\/index.php?rest_route=\/wp\/v2\/types\/post"}],"author":[{"embeddable":true,"href":"https:\/\/www.escalade-romilly.fr\/index.php?rest_route=\/wp\/v2\/users\/4"}],"replies":[{"embeddable":true,"href":"https:\/\/www.escalade-romilly.fr\/index.php?rest_route=%2Fwp%2Fv2%2Fcomments&post=1419"}],"version-history":[{"count":8,"href":"https:\/\/www.escalade-romilly.fr\/index.php?rest_route=\/wp\/v2\/posts\/1419\/revisions"}],"predecessor-version":[{"id":1425,"href":"https:\/\/www.escalade-romilly.fr\/index.php?rest_route=\/wp\/v2\/posts\/1419\/revisions\/1425"}],"wp:attachment":[{"href":"https:\/\/www.escalade-romilly.fr\/index.php?rest_route=%2Fwp%2Fv2%2Fmedia&parent=1419"}],"wp:term":[{"taxonomy":"category","embeddable":true,"href":"https:\/\/www.escalade-romilly.fr\/index.php?rest_route=%2Fwp%2Fv2%2Fcategories&post=1419"},{"taxonomy":"post_tag","embeddable":true,"href":"https:\/\/www.escalade-romilly.fr\/index.php?rest_route=%2Fwp%2Fv2%2Ftags&post=1419"}],"curies":[{"name":"wp","href":"https:\/\/api.w.org\/{rel}","templated":true}]}}